{"id":885,"date":"2012-09-28T22:25:18","date_gmt":"2012-09-28T20:25:18","guid":{"rendered":"http:\/\/www.frenchcourses-paris.com\/?p=885"},"modified":"2018-12-29T10:30:54","modified_gmt":"2018-12-29T08:30:54","slug":"chansons-francaises-sur-paris","status":"publish","type":"post","link":"https:\/\/www.frenchcourses-paris.com\/fr\/french-courses-paris\/chansons-francaises-sur-paris\/","title":{"rendered":"Paris en chansons"},"content":{"rendered":"<h2 style=\"text-align: left;\">Chansons fran\u00e7aises sur Paris<\/h2>\n<h3 style=\"text-align: left;\"><strong>D\u00e9couvrez notre playlist de chansons inspir\u00e9es par la capitale.<\/strong><\/h3>\n<p>&nbsp;<\/p>\n<h3>Camille &#8211; Paris<\/h3>\n<div class=\"ast-oembed-container \" style=\"height: 100%;\"><iframe title=\"Camille - Paris (clip officiel)\" width=\"500\" height=\"375\" src=\"https:\/\/www.youtube.com\/embed\/fxQWbMenYCc?feature=oembed\" frameborder=\"0\" allow=\"accelerometer; autoplay; clipboard-write; encrypted-media; gyroscope; picture-in-picture; web-share\" referrerpolicy=\"strict-origin-when-cross-origin\" allowfullscreen><\/iframe><\/div>\n<h3>Charles Tr\u00e9net &#8211; M\u00e9nilmontant<\/h3>\n<div class=\"ast-oembed-container \" style=\"height: 100%;\"><iframe title=\"mano solo : botzaris\" width=\"500\" height=\"375\" src=\"https:\/\/www.youtube.com\/embed\/njqWuKrLhno?feature=oembed\" frameborder=\"0\" allow=\"accelerometer; autoplay; clipboard-write; encrypted-media; gyroscope; picture-in-picture; web-share\" referrerpolicy=\"strict-origin-when-cross-origin\" allowfullscreen><\/iframe><\/div>\n<h3>Mano Solo &#8211; Botzaris<\/h3>\n<div class=\"ast-oembed-container \" style=\"height: 100%;\"><iframe title=\"Thomas Dutronc - J&#039;aime plus Paris\" width=\"500\" height=\"375\" src=\"https:\/\/www.youtube.com\/embed\/VAfeqAYndZY?feature=oembed\" frameborder=\"0\" allow=\"accelerometer; autoplay; clipboard-write; encrypted-media; gyroscope; picture-in-picture; web-share\" referrerpolicy=\"strict-origin-when-cross-origin\" allowfullscreen><\/iframe><\/div>\n<h3>Jacques Dutronc &#8211; J&rsquo;aime plus Paris<\/h3>\n<div class=\"ast-oembed-container \" style=\"height: 100%;\"><iframe title=\"Yael Naim - Paris -\" width=\"500\" height=\"375\" src=\"https:\/\/www.youtube.com\/embed\/6R2y_2zQ4_w?feature=oembed\" frameborder=\"0\" allow=\"accelerometer; autoplay; clipboard-write; encrypted-media; gyroscope; picture-in-picture; web-share\" referrerpolicy=\"strict-origin-when-cross-origin\" allowfullscreen><\/iframe><\/div>\n<h3>Yael Naim &#8211; Paris<\/h3>\n<p>Source : T\u00e9l\u00e9rama<\/p>\n","protected":false},"excerpt":{"rendered":"<p>Chansons fran\u00e7aises sur Paris D\u00e9couvrez notre playlist de chansons inspir\u00e9es par la capitale. &nbsp; Camille &#8211; Paris Charles Tr\u00e9net &#8211; [&hellip;]<\/p>\n","protected":false},"author":3,"featured_media":890,"comment_status":"closed","ping_status":"open","sticky":false,"template":"","format":"standard","meta":{"_uag_custom_page_level_css":"","_lmt_disableupdate":"","_lmt_disable":"","site-sidebar-layout":"default","site-content-layout":"","ast-site-content-layout":"default","site-content-style":"default","site-sidebar-style":"default","ast-global-header-display":"","ast-banner-title-visibility":"","ast-main-header-display":"","ast-hfb-above-header-display":"","ast-hfb-below-header-display":"","ast-hfb-mobile-header-display":"","site-post-title":"","ast-breadcrumbs-content":"","ast-featured-img":"","footer-sml-layout":"","ast-disable-related-posts":"","theme-transparent-header-meta":"","adv-header-id-meta":"","stick-header-meta":"","header-above-stick-meta":"","header-main-stick-meta":"","header-below-stick-meta":"","astra-migrate-meta-layouts":"default","ast-page-background-enabled":"default","ast-page-background-meta":{"desktop":{"background-color":"var(--ast-global-color-4)","background-image":"","background-repeat":"repeat","background-position":"center center","background-size":"auto","background-attachment":"scroll","background-type":"","background-media":"","overlay-type":"","overlay-color":"","overlay-opacity":"","overlay-gradient":""},"tablet":{"background-color":"","background-image":"","background-repeat":"repeat","background-position":"center center","background-size":"auto","background-attachment":"scroll","background-type":"","background-media":"","overlay-type":"","overlay-color":"","overlay-opacity":"","overlay-gradient":""},"mobile":{"background-color":"","background-image":"","background-repeat":"repeat","background-position":"center center","background-size":"auto","background-attachment":"scroll","background-type":"","background-media":"","overlay-type":"","overlay-color":"","overlay-opacity":"","overlay-gradient":""}},"ast-content-background-meta":{"desktop":{"background-color":"var(--ast-global-color-5)","background-image":"","background-repeat":"repeat","background-position":"center center","background-size":"auto","background-attachment":"scroll","background-type":"","background-media":"","overlay-type":"","overlay-color":"","overlay-opacity":"","overlay-gradient":""},"tablet":{"background-color":"var(--ast-global-color-5)","background-image":"","background-repeat":"repeat","background-position":"center center","background-size":"auto","background-attachment":"scroll","background-type":"","background-media":"","overlay-type":"","overlay-color":"","overlay-opacity":"","overlay-gradient":""},"mobile":{"background-color":"var(--ast-global-color-5)","background-image":"","background-repeat":"repeat","background-position":"center center","background-size":"auto","background-attachment":"scroll","background-type":"","background-media":"","overlay-type":"","overlay-color":"","overlay-opacity":"","overlay-gradient":""}},"footnotes":""},"categories":[15,6,18],"tags":[],"class_list":["post-885","post","type-post","status-publish","format-standard","has-post-thumbnail","hentry","category-testimonials-fr","category-french-courses-paris","category-news-fr"],"aioseo_notices":[],"modified_by":"Caroline","uagb_featured_image_src":{"full":["https:\/\/www.frenchcourses-paris.com\/images\/2012\/09\/basilique-du-sacre-coeur1.jpg",600,450,false],"thumbnail":["https:\/\/www.frenchcourses-paris.com\/images\/2012\/09\/basilique-du-sacre-coeur1-150x150.jpg",150,150,true],"medium":["https:\/\/www.frenchcourses-paris.com\/images\/2012\/09\/basilique-du-sacre-coeur1-300x225.jpg",300,225,true],"medium_large":["https:\/\/www.frenchcourses-paris.com\/images\/2012\/09\/basilique-du-sacre-coeur1.jpg",600,450,false],"large":["https:\/\/www.frenchcourses-paris.com\/images\/2012\/09\/basilique-du-sacre-coeur1.jpg",600,450,false],"1536x1536":["https:\/\/www.frenchcourses-paris.com\/images\/2012\/09\/basilique-du-sacre-coeur1.jpg",600,450,false],"2048x2048":["https:\/\/www.frenchcourses-paris.com\/images\/2012\/09\/basilique-du-sacre-coeur1.jpg",600,450,false]},"uagb_author_info":{"display_name":"Caroline","author_link":"https:\/\/www.frenchcourses-paris.com\/fr\/author\/caroline\/"},"uagb_comment_info":0,"uagb_excerpt":"Chansons fran\u00e7aises sur Paris D\u00e9couvrez notre playlist de chansons inspir\u00e9es par la capitale. &nbsp; Camille &#8211; Paris Charles Tr\u00e9net &#8211; [&hellip;]","_links":{"self":[{"href":"https:\/\/www.frenchcourses-paris.com\/fr\/wp-json\/wp\/v2\/posts\/885","targetHints":{"allow":["GET"]}}],"collection":[{"href":"https:\/\/www.frenchcourses-paris.com\/fr\/wp-json\/wp\/v2\/posts"}],"about":[{"href":"https:\/\/www.frenchcourses-paris.com\/fr\/wp-json\/wp\/v2\/types\/post"}],"author":[{"embeddable":true,"href":"https:\/\/www.frenchcourses-paris.com\/fr\/wp-json\/wp\/v2\/users\/3"}],"replies":[{"embeddable":true,"href":"https:\/\/www.frenchcourses-paris.com\/fr\/wp-json\/wp\/v2\/comments?post=885"}],"version-history":[{"count":0,"href":"https:\/\/www.frenchcourses-paris.com\/fr\/wp-json\/wp\/v2\/posts\/885\/revisions"}],"wp:featuredmedia":[{"embeddable":true,"href":"https:\/\/www.frenchcourses-paris.com\/fr\/wp-json\/wp\/v2\/media\/890"}],"wp:attachment":[{"href":"https:\/\/www.frenchcourses-paris.com\/fr\/wp-json\/wp\/v2\/media?parent=885"}],"wp:term":[{"taxonomy":"category","embeddable":true,"href":"https:\/\/www.frenchcourses-paris.com\/fr\/wp-json\/wp\/v2\/categories?post=885"},{"taxonomy":"post_tag","embeddable":true,"href":"https:\/\/www.frenchcourses-paris.com\/fr\/wp-json\/wp\/v2\/tags?post=885"}],"curies":[{"name":"wp","href":"https:\/\/api.w.org\/{rel}","templated":true}]}}