{"id":3198,"date":"2013-01-20T19:18:39","date_gmt":"2013-01-20T18:18:39","guid":{"rendered":"http:\/\/www.frenchcourses-paris.com\/methodes-de-francais-professionnel-et-des-affaires-2.html"},"modified":"2026-04-09T18:08:27","modified_gmt":"2026-04-09T16:08:27","slug":"methodes-de-francais-professionnel","status":"publish","type":"post","link":"https:\/\/www.frenchcourses-paris.com\/fr\/french-courses-paris-fr\/methodes-de-francais-professionnel\/","title":{"rendered":"M\u00e9thodes de fran\u00e7ais professionnel"},"content":{"rendered":"<h2 style=\"text-align: justify\"><strong>Etudier le fran\u00e7ais professionnel (niveaux B2-C1)<\/strong><\/h2>\n<h4 style=\"text-align: justify\">Vous recherchez des m\u00e9thodes de fran\u00e7ais professionnel pour mieux ma\u00eetriser les situations de communication dans votre entreprise ?<\/h4>\n<h4 style=\"text-align: justify\">Vous aimeriez vous pr\u00e9parer au dipl\u00f4me DFP de\u00a0la Chambre de Commerce et d&rsquo;Industrie de Paris ?<\/h4>\n<p style=\"text-align: justify\"><strong>Vous trouverez ici\u00a0des m\u00e9thodes de fran\u00e7ais professionnel et des journaux pour vous aider \u00e0 ma\u00eetriser le fran\u00e7ais de l&rsquo;entreprise.<\/strong><\/p>\n<p><strong>M\u00e9thodes de fran\u00e7ais professionnel<br \/>\n<\/strong><\/p>\n<ul>\n<li style=\"text-align: justify\"><strong>Vocabulaire progressif du fran\u00e7ais des affaires<\/strong>, J.L. PENFORNIS Paris : Cl\u00e9 International, \u00e9dition 2004.<\/li>\n<li style=\"text-align: justify\"><strong>Le monde de l\u2019entreprise fran\u00e7aise : initiation au langage des affaires<\/strong>, P.GAENG Wilhelmsfeld (Allemagne) 4\u00e8me \u00e9dition 2001.<\/li>\n<li style=\"text-align: justify\"><strong>Le fran\u00e7ais de l\u2019entreprise<\/strong>, M.DANILO, B. TAUZIN Paris : Cl\u00e9 International, \u00e9dition 1997. + 1 cassette<\/li>\n<li style=\"text-align: justify\"><strong>Le fran\u00e7ais de l\u2019entreprise : livret compl\u00e9mentaire<\/strong>, M.DANILO, B.GILLMANN, F.KITE, J.L.PENFORNIS Paris : Cl\u00e9 International, \u00e9dition 1997.<\/li>\n<li style=\"text-align: justify\"><strong>Le fran\u00e7ais de la communication professionnelle<\/strong>, M.DANILO, J.L.PENFORNIS Paris : Cl\u00e9 International, \u00e9dition 1998 + corrig\u00e9s.<\/li>\n<\/ul>\n<h4 style=\"text-align: justify\"><strong>Presse<\/strong><\/h4>\n<ul>\n<li style=\"text-align: justify\"><strong>Les Echos<\/strong> (quotidien) &#8211; Service abonnements T\u00e9l. : 33 (0) 825 870 871<\/li>\n<li style=\"text-align: justify\"><strong>La Tribune<\/strong> &#8211;\u00a0Service abonnements T\u00e9l.:\u00a033 (0)1 78 41 40 93<\/li>\n<li style=\"text-align: justify\"><strong>L\u2019entreprise<\/strong> 12 num\u00e9ros \u2013 Service abonnements T\u00e9l. : 33 (0)1 70 37 31 51<\/li>\n<li style=\"text-align: justify\"><strong>L\u2019essentiel du Management<\/strong> \u2013 Service abonnements T\u00e9l. : 33 (0)3 21 14 75 75<\/li>\n<li style=\"text-align: justify\"><strong>Alternatives \u00e9conomiques<\/strong> &#8211; Service abonnements T\u00e9l. : 33 (0)3 80 48 10 25<\/li>\n<li style=\"text-align: justify\"><strong>Le Figaro<\/strong> (quotidien) &#8211; Service abonnements T\u00e9l. 33 (0)1 70 37 31 70<\/li>\n<li style=\"text-align: justify\"><strong>Capital<\/strong> 12 num\u00e9ros &#8211; Service abonnements T\u00e9l. : 33 (0) 825 075 445<\/li>\n<\/ul>\n<p style=\"text-align: justify\">Nos cours de fran\u00e7ais des affaires vous permettent de d\u00e9velopper votre aisance en fran\u00e7ais dans des <strong>contextes professionnels<\/strong> au cours d\u2019un programme alliant fran\u00e7ais g\u00e9n\u00e9ral en cours de groupe et fran\u00e7ais sp\u00e9cialis\u00e9 en le\u00e7ons particuli\u00e8res. Ils vous aident \u00e0 vous familiariser avec la culture et le fonctionnement des entreprises fran\u00e7aises, et vous\u00a0apportent\u00a0les connaissances pour vous pr\u00e9parer au Dipl\u00f4me de Fran\u00e7ais Professionnel DFP Affaires B2.\u00a0Am\u00e9liorez votre ma\u00eetrise de la langue fran\u00e7aise et soyez plus \u00e0 l\u2019aise dans des contextes professionnels gr\u00e2ce \u00e0 des le\u00e7ons de fran\u00e7ais sp\u00e9cialis\u00e9es.<\/p>\n","protected":false},"excerpt":{"rendered":"<p>Etudier le fran\u00e7ais professionnel (niveaux B2-C1) Vous recherchez des m\u00e9thodes de fran\u00e7ais professionnel pour mieux ma\u00eetriser les situations de communication [&hellip;]<\/p>\n","protected":false},"author":3,"featured_media":6961,"comment_status":"closed","ping_status":"open","sticky":false,"template":"","format":"standard","meta":{"_uag_custom_page_level_css":"","_lmt_disableupdate":"","_lmt_disable":"","site-sidebar-layout":"default","site-content-layout":"","ast-site-content-layout":"default","site-content-style":"default","site-sidebar-style":"default","ast-global-header-display":"","ast-banner-title-visibility":"","ast-main-header-display":"","ast-hfb-above-header-display":"","ast-hfb-below-header-display":"","ast-hfb-mobile-header-display":"","site-post-title":"","ast-breadcrumbs-content":"","ast-featured-img":"","footer-sml-layout":"","ast-disable-related-posts":"","theme-transparent-header-meta":"","adv-header-id-meta":"","stick-header-meta":"","header-above-stick-meta":"","header-main-stick-meta":"","header-below-stick-meta":"","astra-migrate-meta-layouts":"default","ast-page-background-enabled":"default","ast-page-background-meta":{"desktop":{"background-color":"var(--ast-global-color-4)","background-image":"","background-repeat":"repeat","background-position":"center center","background-size":"auto","background-attachment":"scroll","background-type":"","background-media":"","overlay-type":"","overlay-color":"","overlay-opacity":"","overlay-gradient":""},"tablet":{"background-color":"","background-image":"","background-repeat":"repeat","background-position":"center center","background-size":"auto","background-attachment":"scroll","background-type":"","background-media":"","overlay-type":"","overlay-color":"","overlay-opacity":"","overlay-gradient":""},"mobile":{"background-color":"","background-image":"","background-repeat":"repeat","background-position":"center center","background-size":"auto","background-attachment":"scroll","background-type":"","background-media":"","overlay-type":"","overlay-color":"","overlay-opacity":"","overlay-gradient":""}},"ast-content-background-meta":{"desktop":{"background-color":"var(--ast-global-color-5)","background-image":"","background-repeat":"repeat","background-position":"center center","background-size":"auto","background-attachment":"scroll","background-type":"","background-media":"","overlay-type":"","overlay-color":"","overlay-opacity":"","overlay-gradient":""},"tablet":{"background-color":"var(--ast-global-color-5)","background-image":"","background-repeat":"repeat","background-position":"center center","background-size":"auto","background-attachment":"scroll","background-type":"","background-media":"","overlay-type":"","overlay-color":"","overlay-opacity":"","overlay-gradient":""},"mobile":{"background-color":"var(--ast-global-color-5)","background-image":"","background-repeat":"repeat","background-position":"center center","background-size":"auto","background-attachment":"scroll","background-type":"","background-media":"","overlay-type":"","overlay-color":"","overlay-opacity":"","overlay-gradient":""}},"footnotes":""},"categories":[2843],"tags":[3338,3339,3340,3341,3342,3343,3344,3345,3346],"class_list":["post-3198","post","type-post","status-publish","format-standard","has-post-thumbnail","hentry","category-french-courses-paris-fr","tag-chambre-de-commerce-et-dindustrie-de-paris-fr","tag-communication-professionnelle-fr","tag-diplome-de-francais-professionnel-fr","tag-francais-de-lentreprise-fr","tag-francais-des-affaires-fr","tag-methodes-de-francais-fr","tag-methodes-de-francais-professionnel-fr","tag-monde-de-lentreprise-francaise-fr","tag-vocabulaire-progressif-du-francais-des-affaires-fr"],"aioseo_notices":[],"modified_by":"Caroline","uagb_featured_image_src":{"full":["https:\/\/www.frenchcourses-paris.com\/images\/2013\/01\/methodes-de-francais-professionnel.jpg",1600,1200,false],"thumbnail":["https:\/\/www.frenchcourses-paris.com\/images\/2013\/01\/methodes-de-francais-professionnel-150x150.jpg",150,150,true],"medium":["https:\/\/www.frenchcourses-paris.com\/images\/2013\/01\/methodes-de-francais-professionnel-300x225.jpg",300,225,true],"medium_large":["https:\/\/www.frenchcourses-paris.com\/images\/2013\/01\/methodes-de-francais-professionnel.jpg",768,576,false],"large":["https:\/\/www.frenchcourses-paris.com\/images\/2013\/01\/methodes-de-francais-professionnel-1024x768.jpg",1024,768,true],"1536x1536":["https:\/\/www.frenchcourses-paris.com\/images\/2013\/01\/methodes-de-francais-professionnel.jpg",1536,1152,false],"2048x2048":["https:\/\/www.frenchcourses-paris.com\/images\/2013\/01\/methodes-de-francais-professionnel.jpg",1600,1200,false]},"uagb_author_info":{"display_name":"Caroline","author_link":"https:\/\/www.frenchcourses-paris.com\/fr\/author\/caroline\/"},"uagb_comment_info":0,"uagb_excerpt":"Etudier le fran\u00e7ais professionnel (niveaux B2-C1) Vous recherchez des m\u00e9thodes de fran\u00e7ais professionnel pour mieux ma\u00eetriser les situations de communication [&hellip;]","_links":{"self":[{"href":"https:\/\/www.frenchcourses-paris.com\/fr\/wp-json\/wp\/v2\/posts\/3198","targetHints":{"allow":["GET"]}}],"collection":[{"href":"https:\/\/www.frenchcourses-paris.com\/fr\/wp-json\/wp\/v2\/posts"}],"about":[{"href":"https:\/\/www.frenchcourses-paris.com\/fr\/wp-json\/wp\/v2\/types\/post"}],"author":[{"embeddable":true,"href":"https:\/\/www.frenchcourses-paris.com\/fr\/wp-json\/wp\/v2\/users\/3"}],"replies":[{"embeddable":true,"href":"https:\/\/www.frenchcourses-paris.com\/fr\/wp-json\/wp\/v2\/comments?post=3198"}],"version-history":[{"count":1,"href":"https:\/\/www.frenchcourses-paris.com\/fr\/wp-json\/wp\/v2\/posts\/3198\/revisions"}],"predecessor-version":[{"id":20874,"href":"https:\/\/www.frenchcourses-paris.com\/fr\/wp-json\/wp\/v2\/posts\/3198\/revisions\/20874"}],"wp:featuredmedia":[{"embeddable":true,"href":"https:\/\/www.frenchcourses-paris.com\/fr\/wp-json\/wp\/v2\/media\/6961"}],"wp:attachment":[{"href":"https:\/\/www.frenchcourses-paris.com\/fr\/wp-json\/wp\/v2\/media?parent=3198"}],"wp:term":[{"taxonomy":"category","embeddable":true,"href":"https:\/\/www.frenchcourses-paris.com\/fr\/wp-json\/wp\/v2\/categories?post=3198"},{"taxonomy":"post_tag","embeddable":true,"href":"https:\/\/www.frenchcourses-paris.com\/fr\/wp-json\/wp\/v2\/tags?post=3198"}],"curies":[{"name":"wp","href":"https:\/\/api.w.org\/{rel}","templated":true}]}}