{"id":3015,"date":"2013-01-17T18:02:16","date_gmt":"2013-01-17T16:02:16","guid":{"rendered":"http:\/\/www.frenchcourses-paris.com\/?p=3015"},"modified":"2024-07-15T16:04:05","modified_gmt":"2024-07-15T14:04:05","slug":"prononciation-de-plus-en-francais","status":"publish","type":"post","link":"https:\/\/www.frenchcourses-paris.com\/fr\/testimonials-fr\/prononciation-de-plus-en-francais\/","title":{"rendered":"Ma\u00eetriser la prononciation de plus en fran\u00e7ais"},"content":{"rendered":"\n<h2 class=\"wp-block-heading\" style=\"font-size:28px\">La prononciation de <i>Plus<\/i> pose un s\u00e9rieux d\u00e9fi aux \u00e9tudiants non francophones. Faut-il ou non prononcer le <i>s<\/i> de l&rsquo;adverbe ?\u2028\u2028<\/h2>\n\n\n\n<h3 class=\"wp-block-heading\" style=\"font-size:26px\">D\u00e9couvrez les r\u00e8gles essentielles, les exceptions \u00e0 conna\u00eetre et des astuces pratiques pour ma\u00eetrisez la prononciation de Plus en fran\u00e7ais<\/h3>\n\n\n\n<div style=\"height:40px\" aria-hidden=\"true\" class=\"wp-block-spacer\"><\/div>\n\n\n\n<h4 class=\"wp-block-heading\" style=\"font-size:24px\">L&rsquo;usage \u00e9tablit que l&rsquo;on prononce le \u00ab\u00a0s\u00a0\u00bb de Plus lorsqu&rsquo;il a\u00a0un sens positif, qu&rsquo;il exprime une quantit\u00e9, un degr\u00e9 plus important de quelque chose.\u2028 Par exemple\u00a0: \u00ab\u00a0Je veux plus de pain\u00a0\u00bb (= davantage de pain)<\/h4>\n\n\n\n<div style=\"height:40px\" aria-hidden=\"true\" class=\"wp-block-spacer\"><\/div>\n\n\n\n<p class=\"has-medium-font-size\"><em><strong><i>Exception<\/i> :<\/strong><\/em> devant un adjectif d\u00e9butant par une consonne, on ne prononce pas le \u00ab\u00a0s\u00a0\u00bb.<\/p>\n\n\n\n<p class=\"has-medium-font-size\"><i>Exemple<\/i> :&nbsp;Jean est plus&nbsp;vieux que Paul. (on ne prononce pas le \u00ab\u00a0s\u00a0\u00bb de plus)<\/p>\n\n\n\n<div style=\"height:40px\" aria-hidden=\"true\" class=\"wp-block-spacer\"><\/div>\n\n\n\n<p class=\"has-medium-font-size\">NB. Dans le cas d&rsquo;une liaison, le \u00ab\u00a0s\u00a0\u00bb se prononce \u00ab\u00a0Z\u00a0\u00bb<\/p>\n\n\n\n<p class=\"has-medium-font-size\"><i>Exemple<\/i> : Cette maison est plus ancienne (on prononce \u00ab\u00a0plus ancienne\u00a0\u00bb)<\/p>\n\n\n\n<p class=\"has-medium-font-size\">\u2028En revanche, on ne prononce pas le \u00ab\u00a0s\u00a0\u00bb lorsque \u00ab\u00a0plus\u00a0\u00bb exprime la n\u00e9gation : \u00ab\u00a0ne plus\u00a0\u00bb.<\/p>\n\n\n\n<p class=\"has-medium-font-size\"><i>Exemple<\/i> : je ne veux plus de pain.<\/p>\n\n\n\n<div style=\"height:40px\" aria-hidden=\"true\" class=\"wp-block-spacer\"><\/div>\n\n\n\n<p class=\"has-medium-font-size\">Il est donc essentiel de d\u00e9terminer le sens du mot pour ma\u00eetriser la prononciation de \u00ab\u00a0Plus\u00a0\u00bb en fran\u00e7ais. <\/p>\n\n\n\n<p class=\"has-medium-font-size\">La solution est simple. Il faut effectivement <strong>regarder s&rsquo;il est accompagn\u00e9 ou non de l&rsquo;autre morceau de la n\u00e9gation <\/strong>: \u00ab\u00a0<i>ne<\/i>\u00ab\u00a0, ou s&rsquo;il est pr\u00e9c\u00e9d\u00e9 du mot \u00ab\u00a0<i>non<\/i>\u00a0\u00bb (non plus). Dans ce cas-l\u00e0, on ne prononce pas le \u00ab\u00a0s\u00a0\u00bb. S&rsquo;il n&rsquo;y a pas ces mots, on prononce le \u00ab\u00a0s\u00a0\u00bb.\u2028\u2028&nbsp;Attention, si vous trouvez dans la phrase un autre \u00e9l\u00e9ment de n\u00e9gation tel que&nbsp; : <i>pas, point, jamais, personne<\/i>, etc. v\u00e9rifiez lequel se situe apr\u00e8s le verbe&nbsp;et constitue le second \u00e9l\u00e9ment de la n\u00e9gation !&nbsp;\u2028<i>exemple<\/i> : &nbsp;Je n&rsquo;ai vu personne de plus dangereux que lui !&nbsp; \u2028\u2028\u2028Ainsi :<\/p>\n\n\n\n<p class=\"has-medium-font-size\">Ex 1) Je veux <strong>plus de<\/strong> pain.<\/p>\n\n\n\n<p class=\"has-medium-font-size\">Il n&rsquo;y a pas de n\u00e9gation \u00ab\u00a0<i>ne<\/i>\u00ab\u00a0, l&rsquo;adverbe \u00ab\u00a0<i>plus<\/i>\u00a0\u00bb a un sens positif, on prononce le \u00ab\u00a0<i>s<\/i>\u00ab\u00a0. Le sens est que la personne souhaite d&rsquo;avantage de pain.<\/p>\n\n\n\n<p class=\"has-medium-font-size\">Ex 2) Je <strong>ne <\/strong>veux <strong>plus de<\/strong> pain.<\/p>\n\n\n\n<p class=\"has-medium-font-size\">Il y a la n\u00e9gation \u00ab\u00a0<i>ne<\/i>\u00ab\u00a0, il s&rsquo;agit donc de la n\u00e9gation, on ne prononce pas le \u00ab\u00a0<i>s<\/i>\u00a0\u00bb Le sens est que la personne ne souhaite pas d&rsquo;avantage de pain.<\/p>\n\n\n\n<div style=\"height:40px\" aria-hidden=\"true\" class=\"wp-block-spacer\"><\/div>\n\n\n\n<p class=\"has-medium-font-size\"><b>Exercice<\/b> : D\u00e9terminez quelle est la prononciation de Plus dans les phrases suivantes :<\/p>\n\n\n\n<p class=\"has-medium-font-size\">1) Je n&rsquo;ai <i>plus<\/i> faim.<\/p>\n\n\n\n<p class=\"has-medium-font-size\">2) Je veux <i>plus<\/i> de bonbons.<\/p>\n\n\n\n<p class=\"has-medium-font-size\">3) Je n&rsquo;ai pas <i>plus<\/i> d&rsquo;argent que toi.<\/p>\n\n\n\n<p class=\"has-medium-font-size\">4) Il y a <i>plus<\/i> de brouillard qu&rsquo;hier.<\/p>\n\n\n\n<p class=\"has-medium-font-size\">5) Je ne l&rsquo;ai jamais vu travailler <i>plus<\/i> de dix minutes par jour.<\/p>\n\n\n\n<p class=\"has-medium-font-size\">6) Je n&rsquo;ai pas vu le facteur et le boulanger n&rsquo;est pas pass\u00e9 non <i>plus<\/i>.<\/p>\n\n\n\n<p class=\"has-medium-font-size\">7) Le pr\u00e9sident a fait un discours <i>plus<\/i> long que d&rsquo;habitude.<\/p>\n\n\n\n<div style=\"height:40px\" aria-hidden=\"true\" class=\"wp-block-spacer\"><\/div>\n\n\n\n<p class=\"has-medium-font-size\"><b><i>Voici les r\u00e9ponses \u00e0 l&rsquo;exercice<\/i><\/b><\/p>\n\n\n\n<p class=\"has-medium-font-size\">&nbsp;P= prononc\u00e9, NP=non prononc\u00e9<\/p>\n\n\n\n<p class=\"has-medium-font-size\">1) NP<\/p>\n\n\n\n<p class=\"has-medium-font-size\">2) P<\/p>\n\n\n\n<p class=\"has-medium-font-size\">3) P<\/p>\n\n\n\n<p class=\"has-medium-font-size\">4) P<\/p>\n\n\n\n<p class=\"has-medium-font-size\">5) P<\/p>\n\n\n\n<p class=\"has-medium-font-size\">6) NP<\/p>\n\n\n\n<p class=\"has-medium-font-size\">7) NP<\/p>\n\n\n\n<blockquote class=\"wp-block-quote is-layout-flow wp-block-quote-is-layout-flow\">\n<p class=\"has-text-align-center has-medium-font-size\">Maintenant que vous avez d\u00e9couvert l&rsquo;importance de la prononciation de plus en fran\u00e7ais, passez \u00e0 l&rsquo;\u00e9tape suivante en vous immergeant dans un environnement francophone authentique. Dans ses cours de fran\u00e7ais \u00e0 Paris, Caroline vous offre de nombreuses opportunit\u00e9s pour am\u00e9liorer votre accent. <a href=\"https:\/\/www.frenchcourses-paris.com\/fr\/contact\/\" title=\"Contactez Caroline\">Contactez-la<\/a> pour r\u00e9server votre prochain cours !<\/p>\n<\/blockquote>\n","protected":false},"excerpt":{"rendered":"<p>Ma\u00eetrisez la prononciation de &lsquo;plus&rsquo; en fran\u00e7ais, un d\u00e9fi courant pour les apprenants. D\u00e9couvrez les r\u00e8gles essentielles, les exceptions \u00e0 conna\u00eetre et des astuces pratiques pour prononcer &lsquo;plus&rsquo; correctement dans diff\u00e9rents contextes. Un guide complet pour am\u00e9liorer votre fran\u00e7ais oral.\u00a0\u00bb<\/p>\n","protected":false},"author":3,"featured_media":3023,"comment_status":"closed","ping_status":"open","sticky":false,"template":"","format":"standard","meta":{"_uag_custom_page_level_css":"","_lmt_disableupdate":"","_lmt_disable":"","site-sidebar-layout":"default","site-content-layout":"","ast-site-content-layout":"default","site-content-style":"default","site-sidebar-style":"default","ast-global-header-display":"","ast-banner-title-visibility":"","ast-main-header-display":"","ast-hfb-above-header-display":"","ast-hfb-below-header-display":"","ast-hfb-mobile-header-display":"","site-post-title":"","ast-breadcrumbs-content":"","ast-featured-img":"","footer-sml-layout":"","ast-disable-related-posts":"","theme-transparent-header-meta":"","adv-header-id-meta":"","stick-header-meta":"","header-above-stick-meta":"","header-main-stick-meta":"","header-below-stick-meta":"","astra-migrate-meta-layouts":"default","ast-page-background-enabled":"default","ast-page-background-meta":{"desktop":{"background-color":"var(--ast-global-color-4)","background-image":"","background-repeat":"repeat","background-position":"center center","background-size":"auto","background-attachment":"scroll","background-type":"","background-media":"","overlay-type":"","overlay-color":"","overlay-opacity":"","overlay-gradient":""},"tablet":{"background-color":"","background-image":"","background-repeat":"repeat","background-position":"center center","background-size":"auto","background-attachment":"scroll","background-type":"","background-media":"","overlay-type":"","overlay-color":"","overlay-opacity":"","overlay-gradient":""},"mobile":{"background-color":"","background-image":"","background-repeat":"repeat","background-position":"center center","background-size":"auto","background-attachment":"scroll","background-type":"","background-media":"","overlay-type":"","overlay-color":"","overlay-opacity":"","overlay-gradient":""}},"ast-content-background-meta":{"desktop":{"background-color":"var(--ast-global-color-5)","background-image":"","background-repeat":"repeat","background-position":"center center","background-size":"auto","background-attachment":"scroll","background-type":"","background-media":"","overlay-type":"","overlay-color":"","overlay-opacity":"","overlay-gradient":""},"tablet":{"background-color":"var(--ast-global-color-5)","background-image":"","background-repeat":"repeat","background-position":"center center","background-size":"auto","background-attachment":"scroll","background-type":"","background-media":"","overlay-type":"","overlay-color":"","overlay-opacity":"","overlay-gradient":""},"mobile":{"background-color":"var(--ast-global-color-5)","background-image":"","background-repeat":"repeat","background-position":"center center","background-size":"auto","background-attachment":"scroll","background-type":"","background-media":"","overlay-type":"","overlay-color":"","overlay-opacity":"","overlay-gradient":""}},"footnotes":""},"categories":[15,2862],"tags":[3264,3234,3263,3236,1275,3235,1277,3265],"class_list":["post-3015","post","type-post","status-publish","format-standard","has-post-thumbnail","hentry","category-testimonials-fr","category-french-lessons-in-paris-fr","tag-ameliorer-votre-accent","tag-comment-prononcer-plus-en-francais","tag-cours-de-francais-a-paris","tag-maitrisez-la-prononciation-de-plus","tag-phonetique-du-francais","tag-prononcer-correctement-en-francais","tag-prononcer-correctement-en-francais-fr","tag-prononciation-de-plus"],"aioseo_notices":[],"modified_by":"Caroline","uagb_featured_image_src":{"full":["https:\/\/www.frenchcourses-paris.com\/images\/2013\/01\/phonetique-fle.jpg",712,224,false],"thumbnail":["https:\/\/www.frenchcourses-paris.com\/images\/2013\/01\/phonetique-fle-150x150.jpg",150,150,true],"medium":["https:\/\/www.frenchcourses-paris.com\/images\/2013\/01\/phonetique-fle-300x94.jpg",300,94,true],"medium_large":["https:\/\/www.frenchcourses-paris.com\/images\/2013\/01\/phonetique-fle.jpg",712,224,false],"large":["https:\/\/www.frenchcourses-paris.com\/images\/2013\/01\/phonetique-fle.jpg",712,224,false],"1536x1536":["https:\/\/www.frenchcourses-paris.com\/images\/2013\/01\/phonetique-fle.jpg",712,224,false],"2048x2048":["https:\/\/www.frenchcourses-paris.com\/images\/2013\/01\/phonetique-fle.jpg",712,224,false]},"uagb_author_info":{"display_name":"Caroline","author_link":"https:\/\/www.frenchcourses-paris.com\/fr\/author\/caroline\/"},"uagb_comment_info":0,"uagb_excerpt":"Ma\u00eetrisez la prononciation de 'plus' en fran\u00e7ais, un d\u00e9fi courant pour les apprenants. D\u00e9couvrez les r\u00e8gles essentielles, les exceptions \u00e0 conna\u00eetre et des astuces pratiques pour prononcer 'plus' correctement dans diff\u00e9rents contextes. Un guide complet pour am\u00e9liorer votre fran\u00e7ais oral.\"","_links":{"self":[{"href":"https:\/\/www.frenchcourses-paris.com\/fr\/wp-json\/wp\/v2\/posts\/3015","targetHints":{"allow":["GET"]}}],"collection":[{"href":"https:\/\/www.frenchcourses-paris.com\/fr\/wp-json\/wp\/v2\/posts"}],"about":[{"href":"https:\/\/www.frenchcourses-paris.com\/fr\/wp-json\/wp\/v2\/types\/post"}],"author":[{"embeddable":true,"href":"https:\/\/www.frenchcourses-paris.com\/fr\/wp-json\/wp\/v2\/users\/3"}],"replies":[{"embeddable":true,"href":"https:\/\/www.frenchcourses-paris.com\/fr\/wp-json\/wp\/v2\/comments?post=3015"}],"version-history":[{"count":13,"href":"https:\/\/www.frenchcourses-paris.com\/fr\/wp-json\/wp\/v2\/posts\/3015\/revisions"}],"predecessor-version":[{"id":19290,"href":"https:\/\/www.frenchcourses-paris.com\/fr\/wp-json\/wp\/v2\/posts\/3015\/revisions\/19290"}],"wp:featuredmedia":[{"embeddable":true,"href":"https:\/\/www.frenchcourses-paris.com\/fr\/wp-json\/wp\/v2\/media\/3023"}],"wp:attachment":[{"href":"https:\/\/www.frenchcourses-paris.com\/fr\/wp-json\/wp\/v2\/media?parent=3015"}],"wp:term":[{"taxonomy":"category","embeddable":true,"href":"https:\/\/www.frenchcourses-paris.com\/fr\/wp-json\/wp\/v2\/categories?post=3015"},{"taxonomy":"post_tag","embeddable":true,"href":"https:\/\/www.frenchcourses-paris.com\/fr\/wp-json\/wp\/v2\/tags?post=3015"}],"curies":[{"name":"wp","href":"https:\/\/api.w.org\/{rel}","templated":true}]}}