{"id":2976,"date":"2013-01-16T22:14:01","date_gmt":"2013-01-16T21:14:01","guid":{"rendered":"http:\/\/www.frenchcourses-paris.com\/?p=2976"},"modified":"2020-08-05T11:36:57","modified_gmt":"2020-08-05T09:36:57","slug":"ressources-audiovisuelles-pour-la-classe-de-fle-medias-presse-radio-tv","status":"publish","type":"post","link":"https:\/\/www.frenchcourses-paris.com\/fr\/testimonials-fr\/ressources-audiovisuelles-pour-la-classe-de-fle-medias-presse-radio-tv\/","title":{"rendered":"Ressources audiovisuelles pour le cours de fran\u00e7ais"},"content":{"rendered":"<div id=\"post-157\">\n<h2>Arte<\/h2>\n<div>\n<p>Cha\u00eene culturelle franco-allemande<br \/>\nwww.arte-tv.com<\/p>\n<\/div>\n<h2>France Culture<\/h2>\n<p><span class=\"st\">Le site de la cha\u00eene des savoirs et de la cr\u00e9ation : actualit\u00e9, id\u00e9es, histoire, philosophie, sciences, litt\u00e9rature, art et culture.<\/span><br \/>\nhttps:\/\/www.franceculture.fr\/<\/p>\n<div>\n<h2>France 2<\/h2>\n<\/div>\n<\/div>\n<div id=\"post-161\">\n<div>\n<p>Cha\u00eene publique nationale.<br \/>\nwww.france2.fr<\/p>\n<\/div>\n<\/div>\n<div id=\"post-165\">\n<h2>France 24<\/h2>\n<div>\n<p>Cha\u00eene internationale en langue fran\u00e7aise :<br \/>\nwww.france24.com<\/p>\n<\/div>\n<\/div>\n<div id=\"post-163\">\n<h2>France 3<\/h2>\n<div>\n<p>Cha\u00eene publique nationale avec des \u00e9missions r\u00e9gionales.<br \/>\nwww.france3.fr<\/p>\n<\/div>\n<\/div>\n<div id=\"post-175\">\n<h2>L\u2019Etudiant<\/h2>\n<div>\n<p>Magazine sur les \u00e9tudes et la vie \u00e9tudiante.<br \/>\nwww.letudiant.fr<\/p>\n<\/div>\n<\/div>\n<div id=\"post-177\">\n<h2>L\u2019Express<\/h2>\n<div>\n<p>Magazine hebdomadaire\u00a0d\u2019informations g\u00e9n\u00e9rales.<br \/>\nwww.lexpress.fr<\/p>\n<\/div>\n<\/div>\n<div id=\"post-181\">\n<h2>L\u2019internaute<\/h2>\n<div>\n<p>Magazine en ligne.Nombreuses rubriques.<br \/>\nwww.linternaute.com<\/p>\n<\/div>\n<\/div>\n<div id=\"post-159\">\n<h2>La cinqui\u00e8me<\/h2>\n<div>\n<p>Site de t\u00e9l\u00e9vision \u00e9ducative fran\u00e7aise.<br \/>\nwww.france5.fr<\/p>\n<\/div>\n<\/div>\n<div id=\"post-192\">\n<h2>La Provence<\/h2>\n<div>\n<p>Quotidien de la r\u00e9gion PACA.<br \/>\nwww.laprovence-presse.fr<\/p>\n<\/div>\n<\/div>\n<div id=\"post-186\">\n<h2>Le Monde<\/h2>\n<div>\n<p>Quotidien national.<br \/>\nwww.lemonde.fr<\/p>\n<\/div>\n<\/div>\n<div id=\"post-188\">\n<h2>Le Monde diplomatique<\/h2>\n<div>\n<p>Journal tr\u00e8s document\u00e9 sur des sujets nationaux et internationaux.<br \/>\nwww.monde-diplomatique.fr<\/p>\n<\/div>\n<\/div>\n<div id=\"post-190\">\n<h2>Le Nouvel Observateur<\/h2>\n<div>\n<p>Magazine hebdomadaire\u00a0d\u2019informations g\u00e9n\u00e9rales<br \/>\nwww.nouvelobs.com<\/p>\n<\/div>\n<\/div>\n<div id=\"post-183\">\n<h2>Lib\u00e9ration<\/h2>\n<div>\n<p>Quotidien national.<br \/>\nwww.liberation.fr<\/p>\n<\/div>\n<\/div>\n<div id=\"post-173\">\n<h2>Radio France<\/h2>\n<div>\n<p>Site de plusieurs radios nationales publiques\u00a0 : France-Inter, France-Culture, France-Info\u2026<br \/>\nwww.radio-france.fr<\/p>\n<\/div>\n<\/div>\n<div id=\"post-171\">\n<h2>Radio France International<\/h2>\n<div>\n<p>Pour avoir des nouvelles du monde entier, revues de presse audio en fran\u00e7ais.<br \/>\nhttp:\/\/www.rfi.fr\/<\/p>\n<\/div>\n<\/div>\n<div id=\"post-194\">\n<h2>T\u00e9l\u00e9rama<\/h2>\n<div>\n<p>Magazine culturel. Possibilit\u00e9s d\u2019\u00e9couter des interviews et conf\u00e9rences .<br \/>\nwww.telerama.fr<\/p>\n<\/div>\n<\/div>\n<div id=\"post-167\">\n<h2>TF1<\/h2>\n<div>\n<p>Cha\u00eene priv\u00e9e nationale.<br \/>\nwww.tf1.fr<\/p>\n<\/div>\n<\/div>\n<div id=\"post-169\">\n<h2>TV5<\/h2>\n<div>\n<p>Site international\u00a0 de t\u00e9l\u00e9vision fran\u00e7aise.<br \/>\nhttp:\/\/www.tv5monde.com\/<\/p>\n<\/div>\n<\/div>\n","protected":false},"excerpt":{"rendered":"<p>Arte Cha\u00eene culturelle franco-allemande www.arte-tv.com France Culture Le site de la cha\u00eene des savoirs et de la cr\u00e9ation : actualit\u00e9, [&hellip;]<\/p>\n","protected":false},"author":3,"featured_media":2998,"comment_status":"closed","ping_status":"open","sticky":false,"template":"","format":"standard","meta":{"_uag_custom_page_level_css":"","_lmt_disableupdate":"no","_lmt_disable":"","site-sidebar-layout":"default","site-content-layout":"","ast-site-content-layout":"default","site-content-style":"default","site-sidebar-style":"default","ast-global-header-display":"","ast-banner-title-visibility":"","ast-main-header-display":"","ast-hfb-above-header-display":"","ast-hfb-below-header-display":"","ast-hfb-mobile-header-display":"","site-post-title":"","ast-breadcrumbs-content":"","ast-featured-img":"","footer-sml-layout":"","ast-disable-related-posts":"","theme-transparent-header-meta":"","adv-header-id-meta":"","stick-header-meta":"","header-above-stick-meta":"","header-main-stick-meta":"","header-below-stick-meta":"","astra-migrate-meta-layouts":"default","ast-page-background-enabled":"default","ast-page-background-meta":{"desktop":{"background-color":"var(--ast-global-color-4)","background-image":"","background-repeat":"repeat","background-position":"center center","background-size":"auto","background-attachment":"scroll","background-type":"","background-media":"","overlay-type":"","overlay-color":"","overlay-opacity":"","overlay-gradient":""},"tablet":{"background-color":"","background-image":"","background-repeat":"repeat","background-position":"center center","background-size":"auto","background-attachment":"scroll","background-type":"","background-media":"","overlay-type":"","overlay-color":"","overlay-opacity":"","overlay-gradient":""},"mobile":{"background-color":"","background-image":"","background-repeat":"repeat","background-position":"center center","background-size":"auto","background-attachment":"scroll","background-type":"","background-media":"","overlay-type":"","overlay-color":"","overlay-opacity":"","overlay-gradient":""}},"ast-content-background-meta":{"desktop":{"background-color":"var(--ast-global-color-5)","background-image":"","background-repeat":"repeat","background-position":"center center","background-size":"auto","background-attachment":"scroll","background-type":"","background-media":"","overlay-type":"","overlay-color":"","overlay-opacity":"","overlay-gradient":""},"tablet":{"background-color":"var(--ast-global-color-5)","background-image":"","background-repeat":"repeat","background-position":"center center","background-size":"auto","background-attachment":"scroll","background-type":"","background-media":"","overlay-type":"","overlay-color":"","overlay-opacity":"","overlay-gradient":""},"mobile":{"background-color":"var(--ast-global-color-5)","background-image":"","background-repeat":"repeat","background-position":"center center","background-size":"auto","background-attachment":"scroll","background-type":"","background-media":"","overlay-type":"","overlay-color":"","overlay-opacity":"","overlay-gradient":""}},"footnotes":""},"categories":[15,2843],"tags":[],"class_list":["post-2976","post","type-post","status-publish","format-standard","has-post-thumbnail","hentry","category-testimonials-fr","category-french-courses-paris-fr"],"aioseo_notices":[],"modified_by":"Caroline","uagb_featured_image_src":{"full":["https:\/\/www.frenchcourses-paris.com\/images\/2013\/01\/paris-very-early-in-the-morning-explored_l.jpg",600,437,false],"thumbnail":["https:\/\/www.frenchcourses-paris.com\/images\/2013\/01\/paris-very-early-in-the-morning-explored_l-150x150.jpg",150,150,true],"medium":["https:\/\/www.frenchcourses-paris.com\/images\/2013\/01\/paris-very-early-in-the-morning-explored_l-300x218.jpg",300,218,true],"medium_large":["https:\/\/www.frenchcourses-paris.com\/images\/2013\/01\/paris-very-early-in-the-morning-explored_l.jpg",600,437,false],"large":["https:\/\/www.frenchcourses-paris.com\/images\/2013\/01\/paris-very-early-in-the-morning-explored_l.jpg",600,437,false],"1536x1536":["https:\/\/www.frenchcourses-paris.com\/images\/2013\/01\/paris-very-early-in-the-morning-explored_l.jpg",600,437,false],"2048x2048":["https:\/\/www.frenchcourses-paris.com\/images\/2013\/01\/paris-very-early-in-the-morning-explored_l.jpg",600,437,false]},"uagb_author_info":{"display_name":"Caroline","author_link":"https:\/\/www.frenchcourses-paris.com\/fr\/author\/caroline\/"},"uagb_comment_info":0,"uagb_excerpt":"Arte Cha\u00eene culturelle franco-allemande www.arte-tv.com France Culture Le site de la cha\u00eene des savoirs et de la cr\u00e9ation : actualit\u00e9, [&hellip;]","_links":{"self":[{"href":"https:\/\/www.frenchcourses-paris.com\/fr\/wp-json\/wp\/v2\/posts\/2976","targetHints":{"allow":["GET"]}}],"collection":[{"href":"https:\/\/www.frenchcourses-paris.com\/fr\/wp-json\/wp\/v2\/posts"}],"about":[{"href":"https:\/\/www.frenchcourses-paris.com\/fr\/wp-json\/wp\/v2\/types\/post"}],"author":[{"embeddable":true,"href":"https:\/\/www.frenchcourses-paris.com\/fr\/wp-json\/wp\/v2\/users\/3"}],"replies":[{"embeddable":true,"href":"https:\/\/www.frenchcourses-paris.com\/fr\/wp-json\/wp\/v2\/comments?post=2976"}],"version-history":[{"count":0,"href":"https:\/\/www.frenchcourses-paris.com\/fr\/wp-json\/wp\/v2\/posts\/2976\/revisions"}],"wp:featuredmedia":[{"embeddable":true,"href":"https:\/\/www.frenchcourses-paris.com\/fr\/wp-json\/wp\/v2\/media\/2998"}],"wp:attachment":[{"href":"https:\/\/www.frenchcourses-paris.com\/fr\/wp-json\/wp\/v2\/media?parent=2976"}],"wp:term":[{"taxonomy":"category","embeddable":true,"href":"https:\/\/www.frenchcourses-paris.com\/fr\/wp-json\/wp\/v2\/categories?post=2976"},{"taxonomy":"post_tag","embeddable":true,"href":"https:\/\/www.frenchcourses-paris.com\/fr\/wp-json\/wp\/v2\/tags?post=2976"}],"curies":[{"name":"wp","href":"https:\/\/api.w.org\/{rel}","templated":true}]}}