{"id":2845,"date":"2013-01-13T17:30:35","date_gmt":"2013-01-13T16:30:35","guid":{"rendered":"http:\/\/www.frenchcourses-paris.com\/?p=2845"},"modified":"2024-07-15T15:14:39","modified_gmt":"2024-07-15T13:14:39","slug":"formes-et-emplois-du-subjonctif-present","status":"publish","type":"post","link":"https:\/\/www.frenchcourses-paris.com\/fr\/testimonials-fr\/formes-et-emplois-du-subjonctif-present\/","title":{"rendered":"Formes et emplois du subjonctif pr\u00e9sent"},"content":{"rendered":"\n<div class=\"wp-block-group has-black-color has-text-color has-link-color wp-elements-1c0e617d307ed4eb0ef0abac723762f4 is-layout-constrained wp-block-group-is-layout-constrained\">\n<div class=\"wp-block-columns is-layout-flex wp-container-core-columns-is-layout-28f84493 wp-block-columns-is-layout-flex\">\n<div class=\"wp-block-column is-layout-flow wp-block-column-is-layout-flow\" style=\"flex-basis:100%\">\n<h2 class=\"wp-block-heading\" style=\"font-size:28px\">Utilis\u00e9 pour exprimer le doute, le souhait, l&rsquo;incertitude ou des actions non r\u00e9alis\u00e9es, le subjonctif pr\u00e9sent joue un r\u00f4le crucial dans la richesse et la nuance du fran\u00e7ais. Quels sont les formes et emplois du subjonctif pr\u00e9sent ? Apr\u00e8s quels verbes utilise-t-on ce mode ?<\/h2>\n<\/div>\n<\/div>\n\n\n\n<div class=\"wp-block-uagb-image uagb-block-191aa7e4 wp-block-uagb-image--layout-default wp-block-uagb-image--effect-static wp-block-uagb-image--align-none\"><figure class=\"wp-block-uagb-image__figure\"><img decoding=\"async\" srcset=\"https:\/\/www.frenchcourses-paris.com\/images\/2024\/07\/Subjonctif-present-Le-Chat-1024x682.jpg ,https:\/\/www.frenchcourses-paris.com\/images\/2024\/07\/Subjonctif-present-Le-Chat.jpg 780w, https:\/\/www.frenchcourses-paris.com\/images\/2024\/07\/Subjonctif-present-Le-Chat.jpg 360w\" sizes=\"auto, (max-width: 480px) 150px\" src=\"https:\/\/www.frenchcourses-paris.com\/images\/2024\/07\/Subjonctif-present-Le-Chat-1024x682.jpg\" alt=\"formes et emplois du subjonctif pr\u00e9sent\" class=\"uag-image-19255\" width=\"1280\" height=\"852\" title=\"Subjonctif-present-Le-Chat\" loading=\"lazy\" role=\"img\"\/><\/figure><\/div>\n<\/div>\n\n\n\n<div style=\"height:48px\" aria-hidden=\"true\" class=\"wp-block-spacer\"><\/div>\n\n\n\n<div class=\"wp-block-uagb-advanced-heading uagb-block-0703e4c1\"><h2 class=\"uagb-heading-text\">1. Les verbes de d\u00e9sir ou de volont\u00e9 sont suivis du subjonctif<\/h2><\/div>\n\n\n\n<figure class=\"wp-block-table has-medium-font-size\"><table class=\"has-black-color has-text-color has-link-color has-fixed-layout\"><tbody><tr><td><p align=\"center\"><b>Exemples de verbes au subjonctif pr\u00e9sent utilis\u00e9s en contexte<\/b><\/p><\/td><\/tr><tr><td>\n<p align=\"left\">Serge d\u00e9sire que tu <b>viennes<\/b> \u00e0 ce d\u00e9jeuner.<\/p>\n<\/td><\/tr><tr><td>\n<p align=\"left\">Mes parents s&rsquo;opposent \u00e0 ce que je <b>boive<\/b> de l&rsquo;alcool.<\/p>\n<\/td><\/tr><\/tbody><\/table><\/figure>\n\n\n\n<figure class=\"wp-block-table has-medium-font-size\"><table class=\"has-black-color has-text-color has-link-color has-fixed-layout\"><tbody><tr><td colspan=\"2\">\n<p align=\"center\"><b>Verbes de volont\u00e9<\/b><\/p>\n<\/td><td>\n<p align=\"center\"><b>Verbes de d\u00e9fense<\/b><\/p>\n<\/td><\/tr><tr><td>\n<p align=\"left\">aimer mieux<\/p>\n<\/td><td>\n<p align=\"left\">proposer<\/p>\n<\/td><td>\n<p align=\"left\">d\u00e9fendre<\/p>\n<\/td><\/tr><tr><td>\n<p align=\"left\">attendre<\/p>\n<\/td><td>\n<p align=\"left\">recommander<\/p>\n<\/td><td>\n<p align=\"left\">emp\u00eacher<\/p>\n<\/td><\/tr><tr><td>\n<p align=\"left\">consentir \u00e0<\/p>\n<\/td><td>\n<p align=\"left\">s&rsquo;attendre \u00e0 ce que<\/p>\n<\/td><td>\n<p align=\"left\">interdire<\/p>\n<\/td><\/tr><tr><td>\n<p align=\"left\">d\u00e9sirer<\/p>\n<\/td><td>\n<p align=\"left\">souhaiter<\/p>\n<\/td><td>\n<p align=\"left\">refuser<\/p>\n<\/td><\/tr><tr><td>\n<p align=\"left\">demander<\/p>\n<\/td><td>\n<p align=\"left\">vouloir<\/p>\n<\/td><td>\n<p align=\"left\">s&rsquo;opposer \u00e0<\/p>\n<\/td><\/tr><tr><td>\n<p align=\"left\">permettre<\/p>\n<\/td><td>\n<p align=\"left\">vouloir bien<\/p>\n<\/td><td>\n<p align=\"left\">tenir \u00e0<\/p>\n<\/td><\/tr><\/tbody><\/table><\/figure>\n\n\n\n<div style=\"height:42px\" aria-hidden=\"true\" class=\"wp-block-spacer\"><\/div>\n\n\n\n<div class=\"wp-block-uagb-advanced-heading uagb-block-8db9fd66\"><h2 class=\"uagb-heading-text\">2. Les verbes de sentiments et d&rsquo;\u00e9motion sont g\u00e9n\u00e9ralement suivis du subjonctif<\/h2><\/div>\n\n\n\n<figure class=\"wp-block-table has-medium-font-size\"><table class=\"has-black-color has-text-color has-link-color has-fixed-layout\"><tbody><tr><td><p align=\"center\"><b>Exemples de ces verbes en contexte<\/b><\/p><\/td><\/tr><tr><td>\n<p align=\"left\">La directrice est triste que votre projet <b>\u00e9choue<\/b>.<\/p>\n<\/td><\/tr><tr><td>\n<p align=\"left\">J&rsquo;ai bien peur que vous <b>soyez<\/b> d\u00e9\u00e7ue.<\/p>\n<\/td><\/tr><\/tbody><\/table><\/figure>\n\n\n\n<figure class=\"wp-block-table has-medium-font-size\"><table class=\"has-black-color has-text-color has-link-color has-fixed-layout\"><tbody><tr><td colspan=\"3\"><p align=\"center\"><b>Quelques verbes de sentiments et d&rsquo;\u00e9motion<\/b><\/p><\/td><\/tr><tr><td>\n<p align=\"left\">aimer<\/p>\n<\/td><td>\n<p align=\"left\">\u00eatre ennuy\u00e9<\/p>\n<\/td><td>\n<p align=\"left\">\u00eatre ravi<\/p>\n<\/td><\/tr><tr><td>\n<p align=\"left\">aimer mieux<\/p>\n<\/td><td>\n<p align=\"left\">\u00eatre f\u00e2ch\u00e9<\/p>\n<\/td><td>\n<p align=\"left\">\u00eatre surpris<\/p>\n<\/td><\/tr><tr><td>\n<p align=\"left\">avoir honte<\/p>\n<\/td><td>\n<p align=\"left\">\u00eatre fier<\/p>\n<\/td><td>\n<p align=\"left\">\u00eatre triste<\/p>\n<\/td><\/tr><tr><td>\n<p align=\"left\">avoir peur<\/p>\n<\/td><td>\n<p align=\"left\">\u00eatre furieux<\/p>\n<\/td><td>\n<p align=\"left\">craindre<\/p>\n<\/td><\/tr><tr><td>\n<p align=\"left\">\u00eatre \u00e9tonn\u00e9<\/p>\n<\/td><td>\n<p align=\"left\">\u00eatre heureux<\/p>\n<\/td><td>\n<p align=\"left\">pr\u00e9f\u00e9rer<\/p>\n<\/td><\/tr><tr><td>\n<p align=\"left\">\u00eatre content<\/p>\n<\/td><td>\n<p align=\"left\">\u00eatre honteux<\/p>\n<\/td><td>\n<p align=\"left\">regretter<\/p>\n<\/td><\/tr><tr><td>\n<p align=\"left\">\u00eatre d\u00e9sol\u00e9<\/p>\n<\/td><td>\n<p align=\"left\">\u00eatre malheureux<\/p>\n<\/td><td>\n<p align=\"left\">s&rsquo;\u00e9tonner<\/p>\n<\/td><\/tr><\/tbody><\/table><\/figure>\n\n\n\n<p class=\"has-black-color has-text-color has-link-color has-medium-font-size wp-elements-9291045487b621e62a8368026bec6914\">&nbsp;Remarque : le verbe esp\u00e9rer est suivi de l&rsquo;indicatif.<\/p>\n\n\n\n<div style=\"height:42px\" aria-hidden=\"true\" class=\"wp-block-spacer\"><\/div>\n\n\n\n<div class=\"wp-block-uagb-advanced-heading uagb-block-6be20305\"><h2 class=\"uagb-heading-text\">3. Les verbes qui expriment un doute, une \u00e9ventualit\u00e9 ou possibilit\u00e9 incertaine sont suivis du <b>subjonctif<\/b> pr\u00e9sent<\/h2><\/div>\n\n\n\n<figure class=\"wp-block-table is-style-regular has-medium-font-size\"><table class=\"has-black-color has-text-color has-link-color has-fixed-layout\"><tbody><tr><td><p align=\"center\"><b>Exemples de verbes exprimant le doute utilis\u00e9s en contexte<\/b><\/p><\/td><\/tr><tr><td>\n<p align=\"left\">Samuel doute que vous <b>veniez<\/b> \u00e0 sa f\u00eate.<\/p>\n<\/td><\/tr><tr><td>\n<p align=\"left\">Vous vous attendez \u00e0 ce que nous <b>venions<\/b> d\u00e8s que vous appelez.<\/p>\n<\/td><\/tr><\/tbody><\/table><\/figure>\n\n\n\n<figure class=\"wp-block-table has-medium-font-size\"><table class=\"has-black-color has-text-color has-link-color has-fixed-layout\"><tbody><tr><td class=\"has-text-align-center\" data-align=\"center\"><strong>Quelques <b>verbes de doute<\/b><\/strong><\/td><\/tr><tr><td class=\"has-text-align-center\" data-align=\"center\">\n<p align=\"left\">douter<\/p>\n<\/td><\/tr><tr><td class=\"has-text-align-center\" data-align=\"center\">\n<p align=\"left\">il est douteux<\/p>\n<\/td><\/tr><tr><td class=\"has-text-align-center\" data-align=\"center\">\n<p align=\"left\">il est impossible<\/p>\n<\/td><\/tr><tr><td class=\"has-text-align-center\" data-align=\"center\">\n<p align=\"left\">il est (peu) possible<\/p>\n<\/td><\/tr><tr><td class=\"has-text-align-center\" data-align=\"center\">\n<p align=\"left\">il se peut<\/p>\n<\/td><\/tr><tr><td class=\"has-text-align-center\" data-align=\"center\">\n<p align=\"left\">il semble<\/p>\n<\/td><\/tr><tr><td class=\"has-text-align-center\" data-align=\"center\">\n<p align=\"left\">nier<\/p>\n<\/td><\/tr><\/tbody><\/table><\/figure>\n\n\n\n<p class=\"has-black-color has-text-color has-link-color has-medium-font-size wp-elements-51054746c41fdb3edd58788406a09a4d\">Remarque importante : les verbes d\u00e9claratifs, les verbes d&rsquo;opinion et de certitude \u00e0 la forme <b>affirmative<\/b> sont suivis de l&rsquo;indicatif.<\/p>\n\n\n\n<figure class=\"wp-block-table has-medium-font-size\"><table class=\"has-black-color has-text-color has-link-color has-fixed-layout\"><tbody><tr><td>\n<p align=\"left\">opinion<\/p>\n<\/td><td>\n<p align=\"left\">Elle pense que vous exag\u00e9rez.<\/p>\n<\/td><\/tr><tr><td>\n<p align=\"left\">d\u00e9claration<\/p>\n<\/td><td>\n<p align=\"left\">Tu dis que Pierre vient demain.<\/p>\n<\/td><\/tr><tr><td>\n<p align=\"left\">certitude<\/p>\n<\/td><td>\n<p align=\"left\">Jeanne est certaine que vous vendez de mauvaises voitures.<\/p>\n<\/td><\/tr><\/tbody><\/table><\/figure>\n\n\n\n<p class=\"has-black-color has-text-color has-link-color has-medium-font-size wp-elements-50f975fc5bffa0d453dc5a07f7ab397a\">Parmi les autres formes et emplois du subjonctif pr\u00e9sent, on peut utiliser ce mode apr\u00e8s les verbes d&rsquo;opinion \u00e0 la forme <b>n\u00e9gative<\/b> ou <b>interrogative<\/b>. Les faits sont alors <strong>incertains<\/strong> ou <strong>hypoth\u00e9tiques<\/strong>. Dans ces cas, le subjonctif pr\u00e9sent \u00e9voque plus de doute que l&rsquo;indicatif.<\/p>\n\n\n\n<figure class=\"wp-block-table has-medium-font-size\"><table class=\"has-black-color has-text-color has-link-color has-fixed-layout\"><tbody><tr><td>\n<p align=\"center\"><b>Avec le subjonctif<\/b><\/p>\n<\/td><td>\n<p align=\"center\"><b>Avec l&rsquo;indicatif<\/b><\/p>\n<\/td><\/tr><tr><td>\n<p align=\"left\">Vous ne pensez tout de m\u00eame pas qu&rsquo;il faille y retourner!<\/p>\n<\/td><td>\n<p align=\"left\">Vous ne pensez tout de m\u00eame pas qu&rsquo;il faut y retourner!<\/p>\n<\/td><\/tr><tr><td><p align=\"left\">\u00cates-vous certain qu&rsquo;il vienne?<\/p><\/td><td><p align=\"left\">\u00cates-vous certain qu&rsquo;il vient \/ viendra ?<\/p><\/td><\/tr><\/tbody><\/table><\/figure>\n\n\n\n<div class=\"wp-block-uagb-advanced-heading uagb-block-583cf871\"><h2 class=\"uagb-heading-text\"><b><br>4. Les verbes impersonnels de n\u00e9cessit\u00e9 et d&rsquo;opinion<\/b><\/h2><\/div>\n\n\n\n<p class=\"has-black-color has-text-color has-link-color has-medium-font-size wp-elements-50de6d6fe8fdfdfcb6de791eb2a255f5\">Les verbes impersonnels de n\u00e9cessit\u00e9 et d&rsquo;opinion sont habituellement suivis du <b>subjonctif pr\u00e9sent.<\/b> \u00c0 ces verbes impersonnels s&rsquo;ajoute \u00ab\u00a0avoir besoin\u00a0\u00bb qui est personnel mais qui exprime aussi une n\u00e9cessit\u00e9. (Les verbes personnels d&rsquo;opinion sont suivis de l&rsquo;indicatif).<\/p>\n\n\n\n<p class=\"has-black-color has-text-color has-link-color has-medium-font-size wp-elements-9b2ef9a57b940a7037f77a2d1d15d315\">Notez que le sujet est g\u00e9n\u00e9ralement \u00a0\u00bb il \u00a0\u00bb dans les \u00e9crits formels et \u00a0\u00bb c&rsquo; \u00a0\u00bb dans les \u00e9crits informels.<\/p>\n\n\n\n<figure class=\"wp-block-table has-medium-font-size\"><table class=\"has-black-color has-text-color has-link-color has-fixed-layout\"><tbody><tr><td class=\"has-text-align-center\" data-align=\"center\"><strong><p align=\"center\"><b>Exemples de verbes impersonnels de n\u00e9cessit\u00e9 et d&rsquo;opinion suivis du subjonctif<\/b><\/p> pr\u00e9sent<\/strong><\/td><\/tr><tr><td class=\"has-text-align-center\" data-align=\"center\">\n<p align=\"left\">Il faut que vous leur <b>fassiez<\/b> peur.<\/p>\n<\/td><\/tr><tr><td class=\"has-text-align-center\" data-align=\"center\">\n<p align=\"left\">Il est essentiel que tu lui <b>dises<\/b>.<\/p>\n<\/td><\/tr><\/tbody><\/table><\/figure>\n\n\n\n<figure class=\"wp-block-table has-medium-font-size\"><table class=\"has-black-color has-text-color has-link-color has-fixed-layout\"><tbody><tr><td colspan=\"3\">\n<p align=\"center\"><b>Verbes impersonnels de n\u00e9cessit\u00e9 et d&rsquo;opinion<\/b><\/p>\n<\/td><\/tr><tr><td>\n<p align=\"left\">c&rsquo;est inutile<\/p>\n<\/td><td>\n<p align=\"left\">il est n\u00e9cessaire<\/p>\n<\/td><td>&nbsp;<\/td><\/tr><tr><td>\n<p align=\"left\">c&rsquo;est normal<\/p>\n<\/td><td>\n<p align=\"left\">il est obligatoire<\/p>\n<\/td><td>&nbsp;<\/td><\/tr><tr><td>\n<p align=\"left\">ce n&rsquo;est pas la peine<\/p>\n<\/td><td>\n<p align=\"left\">il faut<\/p>\n<\/td><td>&nbsp;<\/td><\/tr><tr><td>\n<p align=\"left\">il est bon<\/p>\n<\/td><td>\n<p align=\"left\">il ne faut pas<\/p>\n<\/td><td>&nbsp;<\/td><\/tr><tr><td>\n<p align=\"left\">il est essentiel<\/p>\n<\/td><td>\n<p align=\"left\">il suffit<\/p>\n<\/td><td>&nbsp;<\/td><\/tr><tr><td>\n<p align=\"left\">il est indispensable<\/p>\n<\/td><td>\n<p align=\"left\">il vaut mieux<\/p>\n<\/td><td>&nbsp;<\/td><\/tr><\/tbody><\/table><\/figure>\n\n\n\n<p class=\"has-black-color has-text-color has-link-color has-medium-font-size wp-elements-37c5875fd716c31a5482c75998f21e8b\">Remarque importante : le verbe de la subordonn\u00e9e est <b>\u00e0 l&rsquo;infinitif <\/b>plut\u00f4t qu&rsquo;au subjonctif pr\u00e9sent pour les verbes personnels, si le sujet de la proposition subordonn\u00e9e est <b>le m\u00eame<\/b> que celui de la principale.<\/p>\n\n\n\n<p><\/p>\n\n\n\n<figure class=\"wp-block-pullquote has-medium-font-size\"><blockquote><p><span style=\"font-size: medium;\">\u00a0<\/span>Vous souhaitez perfectionner votre utilisation du subjonctif pr\u00e9sent et d&rsquo;autres aspects complexes de la grammaire fran\u00e7aise ? Ne cherchez plus ! Caroline, experte en enseignement du fran\u00e7ais, propose des le\u00e7ons priv\u00e9es de fran\u00e7ais pour vous aider \u00e0 progresser rapidement. <a href=\"https:\/\/www.frenchcourses-paris.com\/fr\/contact\/\" title=\"Contactez Caroline\">Contactez-la aujourd&rsquo;hui !<\/a><\/p><\/blockquote><\/figure>\n","protected":false},"excerpt":{"rendered":"<p>Utilis\u00e9 pour exprimer le doute, le souhait, l&rsquo;incertitude ou des actions non r\u00e9alis\u00e9es, le subjonctif pr\u00e9sent joue un r\u00f4le crucial [&hellip;]<\/p>\n","protected":false},"author":3,"featured_media":2857,"comment_status":"closed","ping_status":"open","sticky":true,"template":"","format":"standard","meta":{"_uag_custom_page_level_css":"","_lmt_disableupdate":"","_lmt_disable":"","site-sidebar-layout":"default","site-content-layout":"","ast-site-content-layout":"default","site-content-style":"default","site-sidebar-style":"default","ast-global-header-display":"","ast-banner-title-visibility":"","ast-main-header-display":"","ast-hfb-above-header-display":"","ast-hfb-below-header-display":"","ast-hfb-mobile-header-display":"","site-post-title":"","ast-breadcrumbs-content":"","ast-featured-img":"","footer-sml-layout":"","ast-disable-related-posts":"","theme-transparent-header-meta":"","adv-header-id-meta":"","stick-header-meta":"","header-above-stick-meta":"","header-main-stick-meta":"","header-below-stick-meta":"","astra-migrate-meta-layouts":"default","ast-page-background-enabled":"default","ast-page-background-meta":{"desktop":{"background-color":"var(--ast-global-color-4)","background-image":"","background-repeat":"repeat","background-position":"center center","background-size":"auto","background-attachment":"scroll","background-type":"","background-media":"","overlay-type":"","overlay-color":"","overlay-opacity":"","overlay-gradient":""},"tablet":{"background-color":"","background-image":"","background-repeat":"repeat","background-position":"center center","background-size":"auto","background-attachment":"scroll","background-type":"","background-media":"","overlay-type":"","overlay-color":"","overlay-opacity":"","overlay-gradient":""},"mobile":{"background-color":"","background-image":"","background-repeat":"repeat","background-position":"center center","background-size":"auto","background-attachment":"scroll","background-type":"","background-media":"","overlay-type":"","overlay-color":"","overlay-opacity":"","overlay-gradient":""}},"ast-content-background-meta":{"desktop":{"background-color":"var(--ast-global-color-5)","background-image":"","background-repeat":"repeat","background-position":"center center","background-size":"auto","background-attachment":"scroll","background-type":"","background-media":"","overlay-type":"","overlay-color":"","overlay-opacity":"","overlay-gradient":""},"tablet":{"background-color":"var(--ast-global-color-5)","background-image":"","background-repeat":"repeat","background-position":"center center","background-size":"auto","background-attachment":"scroll","background-type":"","background-media":"","overlay-type":"","overlay-color":"","overlay-opacity":"","overlay-gradient":""},"mobile":{"background-color":"var(--ast-global-color-5)","background-image":"","background-repeat":"repeat","background-position":"center center","background-size":"auto","background-attachment":"scroll","background-type":"","background-media":"","overlay-type":"","overlay-color":"","overlay-opacity":"","overlay-gradient":""}},"footnotes":""},"categories":[15,3240],"tags":[2274,3259,3244,3262,3253,3256,3260,3238,3242,3243,3247,3252,3251,3245],"class_list":["post-2845","post","type-post","status-publish","format-standard","has-post-thumbnail","hentry","category-testimonials-fr","category-french-grammar-lessons","tag-apprentissage-du-francais","tag-expressions-de-souhait","tag-formes-du-subjonctif","tag-lecons-privees-de-francais","tag-modes-verbaux-en-francais","tag-opinion-en-francais","tag-regles-grammaticales-francaises","tag-subjonctif","tag-subjonctif-en-francais","tag-subjonctif-present","tag-verbes-demotion","tag-verbes-de-desir","tag-verbes-de-doute","tag-verbes-de-sentiment"],"aioseo_notices":[],"modified_by":"Caroline","uagb_featured_image_src":{"full":["https:\/\/www.frenchcourses-paris.com\/images\/2013\/01\/fle-le-subjonctif.jpg",481,300,false],"thumbnail":["https:\/\/www.frenchcourses-paris.com\/images\/2013\/01\/fle-le-subjonctif-150x150.jpg",150,150,true],"medium":["https:\/\/www.frenchcourses-paris.com\/images\/2013\/01\/fle-le-subjonctif-300x187.jpg",300,187,true],"medium_large":["https:\/\/www.frenchcourses-paris.com\/images\/2013\/01\/fle-le-subjonctif.jpg",481,300,false],"large":["https:\/\/www.frenchcourses-paris.com\/images\/2013\/01\/fle-le-subjonctif.jpg",481,300,false],"1536x1536":["https:\/\/www.frenchcourses-paris.com\/images\/2013\/01\/fle-le-subjonctif.jpg",481,300,false],"2048x2048":["https:\/\/www.frenchcourses-paris.com\/images\/2013\/01\/fle-le-subjonctif.jpg",481,300,false]},"uagb_author_info":{"display_name":"Caroline","author_link":"https:\/\/www.frenchcourses-paris.com\/fr\/author\/caroline\/"},"uagb_comment_info":0,"uagb_excerpt":"Utilis\u00e9 pour exprimer le doute, le souhait, l&rsquo;incertitude ou des actions non r\u00e9alis\u00e9es, le subjonctif pr\u00e9sent joue un r\u00f4le crucial [&hellip;]","_links":{"self":[{"href":"https:\/\/www.frenchcourses-paris.com\/fr\/wp-json\/wp\/v2\/posts\/2845","targetHints":{"allow":["GET"]}}],"collection":[{"href":"https:\/\/www.frenchcourses-paris.com\/fr\/wp-json\/wp\/v2\/posts"}],"about":[{"href":"https:\/\/www.frenchcourses-paris.com\/fr\/wp-json\/wp\/v2\/types\/post"}],"author":[{"embeddable":true,"href":"https:\/\/www.frenchcourses-paris.com\/fr\/wp-json\/wp\/v2\/users\/3"}],"replies":[{"embeddable":true,"href":"https:\/\/www.frenchcourses-paris.com\/fr\/wp-json\/wp\/v2\/comments?post=2845"}],"version-history":[{"count":15,"href":"https:\/\/www.frenchcourses-paris.com\/fr\/wp-json\/wp\/v2\/posts\/2845\/revisions"}],"predecessor-version":[{"id":19277,"href":"https:\/\/www.frenchcourses-paris.com\/fr\/wp-json\/wp\/v2\/posts\/2845\/revisions\/19277"}],"wp:featuredmedia":[{"embeddable":true,"href":"https:\/\/www.frenchcourses-paris.com\/fr\/wp-json\/wp\/v2\/media\/2857"}],"wp:attachment":[{"href":"https:\/\/www.frenchcourses-paris.com\/fr\/wp-json\/wp\/v2\/media?parent=2845"}],"wp:term":[{"taxonomy":"category","embeddable":true,"href":"https:\/\/www.frenchcourses-paris.com\/fr\/wp-json\/wp\/v2\/categories?post=2845"},{"taxonomy":"post_tag","embeddable":true,"href":"https:\/\/www.frenchcourses-paris.com\/fr\/wp-json\/wp\/v2\/tags?post=2845"}],"curies":[{"name":"wp","href":"https:\/\/api.w.org\/{rel}","templated":true}]}}